{"id":1560,"date":"2017-01-26T08:11:09","date_gmt":"2017-01-26T07:11:09","guid":{"rendered":"http:\/\/www.mivtrade.cz\/?p=1560"},"modified":"2017-01-26T15:14:46","modified_gmt":"2017-01-26T14:14:46","slug":"porotherm-kp-vario","status":"publish","type":"post","link":"https:\/\/www.mivtrade.cz\/?p=1560","title":{"rendered":"POROTHERM KP Vario"},"content":{"rendered":"<p>Keramobetonov\u00e9 p\u0159eklady Porotherm KP Vario se pou\u017e\u00edvaj\u00ed ve spojen\u00ed s univerz\u00e1ln\u00edmi roleto-\u017ealuziov\u00fdmi schr\u00e1nkami Porotherm Vario UNI, s p\u0159eklady Porotherm KP 7 a p\u0159\u00edpadn\u011b se ztu\u017euj\u00edc\u00edm v\u011bncem jako nosn\u00e9 prvky nad dve\u0159n\u00ed a okenn\u00ed otvory ve vn\u011bj\u0161\u00edch st\u011bn\u00e1ch zd\u011bn\u00fdch konstrukc\u00ed pro dodate\u010dnou mont\u00e1\u017e st\u00ednic\u00ed techniky \u2013 venkovn\u00edch rolet nebo venkovn\u00edch \u017ealuzi\u00ed.<\/p>\n<p><a href=\"https:\/\/www.facebook.com\/177540185616455\/\">https:\/\/www.facebook.com\/177540185616455\/<\/a><br \/>\nSt\u0159echy, Fas\u00e1dy, Izolace, Le\u0161en\u00ed &#8211; Brno, Blansko, Adamov, Boskovice, Ti\u0161nov, Vy\u0161kov <a href=\"http:\/\/www.mivtrade.cz\/?page_id=85\">email<\/a><\/p>\n<p><a href=\"http:\/\/www.mivtrade.cz\/wp-content\/uploads\/2017\/01\/16195214_1203013439735786_1715681526060700592_n.jpg\"><img loading=\"lazy\" class=\"alignleft size-full wp-image-1561\" alt=\"16195214_1203013439735786_1715681526060700592_n\" src=\"http:\/\/www.mivtrade.cz\/wp-content\/uploads\/2017\/01\/16195214_1203013439735786_1715681526060700592_n.jpg\" width=\"240\" height=\"188\" \/><\/a><\/p>\n","protected":false},"excerpt":{"rendered":"<p>Keramobetonov\u00e9 p\u0159eklady Porotherm KP Vario se pou\u017e\u00edvaj\u00ed ve spojen\u00ed s univerz\u00e1ln\u00edmi roleto-\u017ealuziov\u00fdmi schr\u00e1nkami Porotherm Vario UNI, s p\u0159eklady Porotherm KP 7 a p\u0159\u00edpadn\u011b se ztu\u017euj\u00edc\u00edm v\u011bncem jako nosn\u00e9 prvky nad dve\u0159n\u00ed a okenn\u00ed otvory ve vn\u011bj\u0161\u00edch st\u011bn\u00e1ch zd\u011bn\u00fdch konstrukc\u00ed pro dodate\u010dnou mont\u00e1\u017e st\u00ednic\u00ed techniky \u2013 venkovn\u00edch rolet nebo venkovn\u00edch \u017ealuzi\u00ed. https:\/\/www.facebook.com\/177540185616455\/ St\u0159echy, Fas\u00e1dy, Izolace, Le\u0161en\u00ed [&hellip;]<\/p>\n","protected":false},"author":1,"featured_media":0,"comment_status":"open","ping_status":"open","sticky":false,"template":"","format":"standard","meta":[],"categories":[1],"tags":[6,11],"aioseo_notices":[],"_links":{"self":[{"href":"https:\/\/www.mivtrade.cz\/index.php?rest_route=\/wp\/v2\/posts\/1560"}],"collection":[{"href":"https:\/\/www.mivtrade.cz\/index.php?rest_route=\/wp\/v2\/posts"}],"about":[{"href":"https:\/\/www.mivtrade.cz\/index.php?rest_route=\/wp\/v2\/types\/post"}],"author":[{"embeddable":true,"href":"https:\/\/www.mivtrade.cz\/index.php?rest_route=\/wp\/v2\/users\/1"}],"replies":[{"embeddable":true,"href":"https:\/\/www.mivtrade.cz\/index.php?rest_route=%2Fwp%2Fv2%2Fcomments&post=1560"}],"version-history":[{"count":1,"href":"https:\/\/www.mivtrade.cz\/index.php?rest_route=\/wp\/v2\/posts\/1560\/revisions"}],"predecessor-version":[{"id":1562,"href":"https:\/\/www.mivtrade.cz\/index.php?rest_route=\/wp\/v2\/posts\/1560\/revisions\/1562"}],"wp:attachment":[{"href":"https:\/\/www.mivtrade.cz\/index.php?rest_route=%2Fwp%2Fv2%2Fmedia&parent=1560"}],"wp:term":[{"taxonomy":"category","embeddable":true,"href":"https:\/\/www.mivtrade.cz\/index.php?rest_route=%2Fwp%2Fv2%2Fcategories&post=1560"},{"taxonomy":"post_tag","embeddable":true,"href":"https:\/\/www.mivtrade.cz\/index.php?rest_route=%2Fwp%2Fv2%2Ftags&post=1560"}],"curies":[{"name":"wp","href":"https:\/\/api.w.org\/{rel}","templated":true}]}}