{"id":816,"date":"2015-09-24T11:10:04","date_gmt":"2015-09-24T10:10:04","guid":{"rendered":"http:\/\/www.mivtrade.cz\/?p=816"},"modified":"2017-05-20T09:08:45","modified_gmt":"2017-05-20T08:08:45","slug":"plisen-fasady","status":"publish","type":"post","link":"https:\/\/www.mivtrade.cz\/?p=816","title":{"rendered":"Pam\u00e1tkov\u00e1 fas\u00e1da Brno ul. Radnick\u00e1 &#8211; n\u00e1t\u011bry a protipl\u00eds\u0148ov\u00e9 o\u0161et\u0159en\u00ed"},"content":{"rendered":"<p><a href=\"http:\/\/www.mivtrade.cz\/wp-content\/uploads\/2014\/02\/20150731_130501.jpg\"><img loading=\"lazy\" class=\"alignleft size-medium wp-image-813\" alt=\"20150731_130501\" src=\"http:\/\/www.mivtrade.cz\/wp-content\/uploads\/2014\/02\/20150731_130501-178x300.jpg\" width=\"178\" height=\"300\" srcset=\"https:\/\/www.mivtrade.cz\/wp-content\/uploads\/2014\/02\/20150731_130501-178x300.jpg 178w, https:\/\/www.mivtrade.cz\/wp-content\/uploads\/2014\/02\/20150731_130501-609x1024.jpg 609w, https:\/\/www.mivtrade.cz\/wp-content\/uploads\/2014\/02\/20150731_130501.jpg 762w\" sizes=\"(max-width: 178px) 100vw, 178px\" \/><\/a>Oprava pam\u00e1tkov\u00e9 uli\u010dn\u00ed fas\u00e1dy, v\u010detn\u011b n\u00e1t\u011br\u016f a o\u0161et\u0159en\u00ed fas\u00e1dy protipl\u00eds\u0148ov\u00fdmi kapsulemi, silikonov\u00fd n\u00e1t\u011br. Ve\u0161ker\u00e9 stavebn\u00ed pr\u00e1ce byly prov\u00e1d\u011bni z lana bez le\u0161en\u00ed.<\/p>\n<p>St\u0159echy, fas\u00e1dy, izolace, stavebn\u00ed pr\u00e1ce Blansko, Vy\u0161kov, Brno, Boskovice, Ti\u0161nov, Adamov a okol\u00ed. M\u00e1te pot\u00ed\u017ee s pl\u00edsn\u00ed na fas\u00e1d\u011b? \u00a0R\u00e1di V\u00e1m profesion\u00e1ln\u011b porad\u00edme s vhodn\u00fdm \u0159e\u0161en\u00edm pro Va\u0161e stavby <a title=\"Kontakty\" href=\"http:\/\/www.mivtrade.cz\/?page_id=85\">email<\/a><\/p>\n<p><a href=\"https:\/\/www.facebook.com\/MIV-Trade-sro-177540185616455\/timeline\/\">https:\/\/www.facebook.com\/MIV-Trade-sro-177540185616455\/timeline\/<\/a><\/p>\n<p>&nbsp;<\/p>\n","protected":false},"excerpt":{"rendered":"<p>Oprava pam\u00e1tkov\u00e9 uli\u010dn\u00ed fas\u00e1dy, v\u010detn\u011b n\u00e1t\u011br\u016f a o\u0161et\u0159en\u00ed fas\u00e1dy protipl\u00eds\u0148ov\u00fdmi kapsulemi, silikonov\u00fd n\u00e1t\u011br. Ve\u0161ker\u00e9 stavebn\u00ed pr\u00e1ce byly prov\u00e1d\u011bni z lana bez le\u0161en\u00ed. St\u0159echy, fas\u00e1dy, izolace, stavebn\u00ed pr\u00e1ce Blansko, Vy\u0161kov, Brno, Boskovice, Ti\u0161nov, Adamov a okol\u00ed. M\u00e1te pot\u00ed\u017ee s pl\u00edsn\u00ed na fas\u00e1d\u011b? \u00a0R\u00e1di V\u00e1m profesion\u00e1ln\u011b porad\u00edme s vhodn\u00fdm \u0159e\u0161en\u00edm pro Va\u0161e stavby email https:\/\/www.facebook.com\/MIV-Trade-sro-177540185616455\/timeline\/ &nbsp;<\/p>\n","protected":false},"author":1,"featured_media":0,"comment_status":"open","ping_status":"open","sticky":false,"template":"","format":"standard","meta":[],"categories":[1],"tags":[5,13,26],"aioseo_notices":[],"_links":{"self":[{"href":"https:\/\/www.mivtrade.cz\/index.php?rest_route=\/wp\/v2\/posts\/816"}],"collection":[{"href":"https:\/\/www.mivtrade.cz\/index.php?rest_route=\/wp\/v2\/posts"}],"about":[{"href":"https:\/\/www.mivtrade.cz\/index.php?rest_route=\/wp\/v2\/types\/post"}],"author":[{"embeddable":true,"href":"https:\/\/www.mivtrade.cz\/index.php?rest_route=\/wp\/v2\/users\/1"}],"replies":[{"embeddable":true,"href":"https:\/\/www.mivtrade.cz\/index.php?rest_route=%2Fwp%2Fv2%2Fcomments&post=816"}],"version-history":[{"count":5,"href":"https:\/\/www.mivtrade.cz\/index.php?rest_route=\/wp\/v2\/posts\/816\/revisions"}],"predecessor-version":[{"id":823,"href":"https:\/\/www.mivtrade.cz\/index.php?rest_route=\/wp\/v2\/posts\/816\/revisions\/823"}],"wp:attachment":[{"href":"https:\/\/www.mivtrade.cz\/index.php?rest_route=%2Fwp%2Fv2%2Fmedia&parent=816"}],"wp:term":[{"taxonomy":"category","embeddable":true,"href":"https:\/\/www.mivtrade.cz\/index.php?rest_route=%2Fwp%2Fv2%2Fcategories&post=816"},{"taxonomy":"post_tag","embeddable":true,"href":"https:\/\/www.mivtrade.cz\/index.php?rest_route=%2Fwp%2Fv2%2Ftags&post=816"}],"curies":[{"name":"wp","href":"https:\/\/api.w.org\/{rel}","templated":true}]}}