{"id":844,"date":"2015-09-30T07:42:02","date_gmt":"2015-09-30T06:42:02","guid":{"rendered":"http:\/\/www.mivtrade.cz\/?p=844"},"modified":"2017-05-20T09:07:57","modified_gmt":"2017-05-20T08:07:57","slug":"zateplete-svoji-fasadu-a-usetrte-za-vytapeni-domu","status":"publish","type":"post","link":"https:\/\/www.mivtrade.cz\/?p=844","title":{"rendered":"Zateplete svoji fas\u00e1du a u\u0161et\u0159te za vyt\u00e1p\u011bn\u00ed domu"},"content":{"rendered":"<p><a href=\"http:\/\/www.mivtrade.cz\/wp-content\/uploads\/2015\/09\/P81204471.jpg\"><img loading=\"lazy\" class=\"alignleft size-medium wp-image-848\" alt=\"OLYMPUS DIGITAL CAMERA\" src=\"http:\/\/www.mivtrade.cz\/wp-content\/uploads\/2015\/09\/P81204471-300x223.jpg\" width=\"300\" height=\"223\" srcset=\"https:\/\/www.mivtrade.cz\/wp-content\/uploads\/2015\/09\/P81204471-300x223.jpg 300w, https:\/\/www.mivtrade.cz\/wp-content\/uploads\/2015\/09\/P81204471-1024x762.jpg 1024w, https:\/\/www.mivtrade.cz\/wp-content\/uploads\/2015\/09\/P81204471.jpg 1501w\" sizes=\"(max-width: 300px) 100vw, 300px\" \/><\/a>N\u00edzk\u00e9 venkovn\u00ed teploty p\u0159ipom\u00ednaj\u00ed bl\u00ed\u017e\u00edc\u00ed se zimu, u\u017e jen zateplen\u00edm \u0161t\u00edtov\u00e9 zdi u\u0161et\u0159\u00edte pen\u00edze za vyt\u00e1p\u011bn\u00ed.<\/p>\n<p>St\u0159echy, stavby, fas\u00e1dy, izolace Blansko, Vy\u0161kov, Brno, Adamov, Boskovice, Ti\u0161nov <a title=\"Kontakty\" href=\"http:\/\/www.mivtrade.cz\/?page_id=85\">email<\/a><\/p>\n<p>&nbsp;<\/p>\n<p>&nbsp;<\/p>\n<p><a href=\"https:\/\/www.facebook.com\/media\/set\/?set=a.886895558014244.1073741853.177540185616455&amp;type=3&amp;uploaded=5\">https:\/\/www.facebook.com\/media\/set\/?set=a.886895558014244.1073741853.177540185616455&amp;type=3&amp;uploaded=5<\/a><\/p>\n","protected":false},"excerpt":{"rendered":"<p>N\u00edzk\u00e9 venkovn\u00ed teploty p\u0159ipom\u00ednaj\u00ed bl\u00ed\u017e\u00edc\u00ed se zimu, u\u017e jen zateplen\u00edm \u0161t\u00edtov\u00e9 zdi u\u0161et\u0159\u00edte pen\u00edze za vyt\u00e1p\u011bn\u00ed. St\u0159echy, stavby, fas\u00e1dy, izolace Blansko, Vy\u0161kov, Brno, Adamov, Boskovice, Ti\u0161nov email &nbsp; &nbsp; https:\/\/www.facebook.com\/media\/set\/?set=a.886895558014244.1073741853.177540185616455&amp;type=3&amp;uploaded=5<\/p>\n","protected":false},"author":1,"featured_media":0,"comment_status":"open","ping_status":"open","sticky":false,"template":"","format":"standard","meta":[],"categories":[1],"tags":[5,13,26],"aioseo_notices":[],"_links":{"self":[{"href":"https:\/\/www.mivtrade.cz\/index.php?rest_route=\/wp\/v2\/posts\/844"}],"collection":[{"href":"https:\/\/www.mivtrade.cz\/index.php?rest_route=\/wp\/v2\/posts"}],"about":[{"href":"https:\/\/www.mivtrade.cz\/index.php?rest_route=\/wp\/v2\/types\/post"}],"author":[{"embeddable":true,"href":"https:\/\/www.mivtrade.cz\/index.php?rest_route=\/wp\/v2\/users\/1"}],"replies":[{"embeddable":true,"href":"https:\/\/www.mivtrade.cz\/index.php?rest_route=%2Fwp%2Fv2%2Fcomments&post=844"}],"version-history":[{"count":6,"href":"https:\/\/www.mivtrade.cz\/index.php?rest_route=\/wp\/v2\/posts\/844\/revisions"}],"predecessor-version":[{"id":852,"href":"https:\/\/www.mivtrade.cz\/index.php?rest_route=\/wp\/v2\/posts\/844\/revisions\/852"}],"wp:attachment":[{"href":"https:\/\/www.mivtrade.cz\/index.php?rest_route=%2Fwp%2Fv2%2Fmedia&parent=844"}],"wp:term":[{"taxonomy":"category","embeddable":true,"href":"https:\/\/www.mivtrade.cz\/index.php?rest_route=%2Fwp%2Fv2%2Fcategories&post=844"},{"taxonomy":"post_tag","embeddable":true,"href":"https:\/\/www.mivtrade.cz\/index.php?rest_route=%2Fwp%2Fv2%2Ftags&post=844"}],"curies":[{"name":"wp","href":"https:\/\/api.w.org\/{rel}","templated":true}]}}