{"id":898,"date":"2015-10-20T07:24:47","date_gmt":"2015-10-20T06:24:47","guid":{"rendered":"http:\/\/www.mivtrade.cz\/?p=898"},"modified":"2015-10-21T22:21:30","modified_gmt":"2015-10-21T21:21:30","slug":"palena-taska-roben","status":"publish","type":"post","link":"https:\/\/www.mivtrade.cz\/?p=898","title":{"rendered":"P\u00e1len\u00e1 ta\u0161ka R\u00f6ben"},"content":{"rendered":"<p><a href=\"http:\/\/www.mivtrade.cz\/wp-content\/uploads\/2015\/10\/10406623_894528183917648_86905249671350540_n.jpg\"><img loading=\"lazy\" class=\"alignleft size-medium wp-image-899\" alt=\"10406623_894528183917648_86905249671350540_n\" src=\"http:\/\/www.mivtrade.cz\/wp-content\/uploads\/2015\/10\/10406623_894528183917648_86905249671350540_n-300x115.jpg\" width=\"300\" height=\"115\" srcset=\"https:\/\/www.mivtrade.cz\/wp-content\/uploads\/2015\/10\/10406623_894528183917648_86905249671350540_n-300x115.jpg 300w, https:\/\/www.mivtrade.cz\/wp-content\/uploads\/2015\/10\/10406623_894528183917648_86905249671350540_n.jpg 514w\" sizes=\"(max-width: 300px) 100vw, 300px\" \/><\/a>R\u00f6ben Monza Plus<br \/>\nR\u00f6ben Piemont<\/p>\n<p>N\u011bmeck\u00e1 kvalita v glazu\u0159e a engob\u011b, odoln\u00e1 proti UV, st\u00e1lobarevn\u00e1 se z\u00e1rukou 30 let.<\/p>\n<div>\n<p>v\u00edce na\u00a0<a href=\"https:\/\/www.facebook.com\/MIV-Trade-sro-177540185616455\/notifications\/?section=activity_feed&amp;subsection=share&amp;target_story=S%3A_I1598472337%3A10204834292969311&amp;content_id=894528183917648&amp;notif_t=page_share\">https:\/\/www.facebook.com\/MIV-Trade-sro-177540185616455\/notifications\/?section=activity_feed&amp;subsection=share&amp;target_story=S%3A_I1598472337%3A10204834292969311&amp;content_id=894528183917648&amp;notif_t=page_share<\/a><\/p>\n<p>St\u0159echy, fas\u00e1dy, izolace &#8211; Brno, Blansko, Boskovice, Ti\u0161nov, Vy\u0161kov <a title=\"Kontakty\" href=\"http:\/\/www.mivtrade.cz\/?page_id=85\">email<\/a><\/p>\n<\/div>\n","protected":false},"excerpt":{"rendered":"<p>R\u00f6ben Monza Plus R\u00f6ben Piemont N\u011bmeck\u00e1 kvalita v glazu\u0159e a engob\u011b, odoln\u00e1 proti UV, st\u00e1lobarevn\u00e1 se z\u00e1rukou 30 let. v\u00edce na\u00a0https:\/\/www.facebook.com\/MIV-Trade-sro-177540185616455\/notifications\/?section=activity_feed&amp;subsection=share&amp;target_story=S%3A_I1598472337%3A10204834292969311&amp;content_id=894528183917648&amp;notif_t=page_share St\u0159echy, fas\u00e1dy, izolace &#8211; Brno, Blansko, Boskovice, Ti\u0161nov, Vy\u0161kov email<\/p>\n","protected":false},"author":1,"featured_media":0,"comment_status":"open","ping_status":"open","sticky":false,"template":"","format":"standard","meta":[],"categories":[1],"tags":[4],"aioseo_notices":[],"_links":{"self":[{"href":"https:\/\/www.mivtrade.cz\/index.php?rest_route=\/wp\/v2\/posts\/898"}],"collection":[{"href":"https:\/\/www.mivtrade.cz\/index.php?rest_route=\/wp\/v2\/posts"}],"about":[{"href":"https:\/\/www.mivtrade.cz\/index.php?rest_route=\/wp\/v2\/types\/post"}],"author":[{"embeddable":true,"href":"https:\/\/www.mivtrade.cz\/index.php?rest_route=\/wp\/v2\/users\/1"}],"replies":[{"embeddable":true,"href":"https:\/\/www.mivtrade.cz\/index.php?rest_route=%2Fwp%2Fv2%2Fcomments&post=898"}],"version-history":[{"count":2,"href":"https:\/\/www.mivtrade.cz\/index.php?rest_route=\/wp\/v2\/posts\/898\/revisions"}],"predecessor-version":[{"id":901,"href":"https:\/\/www.mivtrade.cz\/index.php?rest_route=\/wp\/v2\/posts\/898\/revisions\/901"}],"wp:attachment":[{"href":"https:\/\/www.mivtrade.cz\/index.php?rest_route=%2Fwp%2Fv2%2Fmedia&parent=898"}],"wp:term":[{"taxonomy":"category","embeddable":true,"href":"https:\/\/www.mivtrade.cz\/index.php?rest_route=%2Fwp%2Fv2%2Fcategories&post=898"},{"taxonomy":"post_tag","embeddable":true,"href":"https:\/\/www.mivtrade.cz\/index.php?rest_route=%2Fwp%2Fv2%2Ftags&post=898"}],"curies":[{"name":"wp","href":"https:\/\/api.w.org\/{rel}","templated":true}]}}